{"id":19707,"date":"2021-11-11T09:40:26","date_gmt":"2021-11-11T12:40:26","guid":{"rendered":"https:\/\/trechosemilhas.com.br\/?p=19707"},"modified":"2021-11-11T09:40:26","modified_gmt":"2021-11-11T12:40:26","slug":"latam-retoma-no-brasil-quase-90-da-sua-oferta-domestica","status":"publish","type":"post","link":"https:\/\/trechosemilhas.com.br\/2021\/11\/latam-retoma-no-brasil-quase-90-da-sua-oferta-domestica\/","title":{"rendered":"Latam retoma no Brasil quase 90% da sua oferta dom\u00e9stica de assentos em novembro e reabre 15 rotas nacionais"},"content":{"rendered":"\n<h2 class=\"has-text-align-center wp-block-heading\"><strong>Latam retoma no Brasil quase 90% da sua oferta dom\u00e9stica: <em>Percentual resulta da compara\u00e7\u00e3o com a capacidade (em ASK*) de novembro de 2019<\/em> <em>(antes da pandemia de Covid-19), em compara\u00e7\u00e3o com novembro de 2020<\/em><\/strong><\/h2>\n\n\n\n<p>Neste m\u00eas de novembro, a LATAM retoma no Brasil quase 90% da sua oferta dom\u00e9stica de assentos (medida em ASK*) em compara\u00e7\u00e3o com novembro de 2019 (per\u00edodo anterior \u00e0 pandemia de Covid-19). Ao todo, s\u00e3o 541 voos nacionais di\u00e1rios da LATAM no Brasil. Em conjunto, esses incrementos permitir\u00e3o \u00e0 LATAM fortalecer a sua malha a\u00e9rea brasileira e j\u00e1 se preparar para atender a chegada da demanda da alta temporada 2021-2022.<\/p>\n\n\n\n<div class=\"wp-block-image\"><figure class=\"aligncenter is-resized\"><img fetchpriority=\"high\" decoding=\"async\" src=\"https:\/\/www.abraviagens.com.br\/av\/wp-content\/uploads\/2020\/06\/LATAMlogo.jpg\" alt=\"Novo mundo. #NovaFormaDeVoar \u2013 LATAM Airlines Brasil \u2013 Viagens de negocios\" width=\"592\" height=\"317\" title=\"\"><figcaption>Latam retoma no Brasil quase 90% da sua oferta dom\u00e9stica de assentos em novembro e reabre 15 rotas nacionais<\/figcaption><\/figure><\/div>\n\n\n\n<p>Mais eficiente, a LATAM j\u00e1 superou no Brasil os 44 aeroportos nacionais que atendia antes da pandemia, e j\u00e1 voa regularmente para 47 destinos no Pa\u00eds, incluindo as inaugura\u00e7\u00f5es de opera\u00e7\u00f5es a\u00e9reas em&nbsp;<a href=\"http:\/\/pmta.spgo.io\/f\/a\/LNjrSPeK9UeX9rwUZogjVw~~\/AASuxwE~\/RgRjbYeiP4QnAWh0dHBzOi8vZ2F0ZXdheS5wci5jb211bmlxdWUtc2UuY29tLmJyL2FwaS9DYW1wYWlnbi9BZGRDYW1wYWlnbkVtYWlsQ2xpY2svNTliYWMxMzQtNjg3YS00NWIwLWFmNzctMDhkOTlkNGU2ODQ2L2h0dHBzJTI1M2ElMjUyZiUyNTJmd3d3LmxhdGFtLmNvbSUyNTJmcHRfYnIlMjUyZnNhbGEtZGUtaW1wcmVuc2ElMjUyZmltcHJlbnNhJTI1MmZpbmF1Z3VyYWNhby1qZG8tYW1wbGlhY2FvLWpqZCUyNTJmLzdmMjZmNmVmLTVmNzgtNDk4MS1iN2U5LTA4ZDhhMDNiZDhjZi90cmVjaG9zZW1pbGhhc0BnbWFpbC5jb20vRmFsc2VXBHBtdGFCCgmDYVOMYbuNUn5SGHRyZWNob3NlbWlsaGFzQGdtYWlsLmNvbVgEAAAAAA~~\" rel=\"noreferrer noopener nofollow\" target=\"_blank\">Juazeiro do Norte (CE)<\/a>&nbsp;e&nbsp;<a href=\"http:\/\/pmta.spgo.io\/f\/a\/SYVa_t2fc8VqHdPz0SDpnw~~\/AASuxwE~\/RgRjbYeiP4QZAWh0dHBzOi8vZ2F0ZXdheS5wci5jb211bmlxdWUtc2UuY29tLmJyL2FwaS9DYW1wYWlnbi9BZGRDYW1wYWlnbkVtYWlsQ2xpY2svNTliYWMxMzQtNjg3YS00NWIwLWFmNzctMDhkOTlkNGU2ODQ2L2h0dHBzJTI1M2ElMjUyZiUyNTJmd3d3LmxhdGFtLmNvbSUyNTJmcHRfYnIlMjUyZnNhbGEtZGUtaW1wcmVuc2ElMjUyZmltcHJlbnNhJTI1MmZwbnotaW5hdWd1cmFjYW8lMjUyZi83ZjI2ZjZlZi01Zjc4LTQ5ODEtYjdlOS0wOGQ4YTAzYmQ4Y2YvdHJlY2hvc2VtaWxoYXNAZ21haWwuY29tL0ZhbHNlVwRwbXRhQgoJg2FTjGG7jVJ-Uhh0cmVjaG9zZW1pbGhhc0BnbWFpbC5jb21YBAAAAAA~\" rel=\"noreferrer noopener nofollow\" target=\"_blank\">Petrolina (PE)<\/a>&nbsp;agora no in\u00edcio de novembro. Al\u00e9m disso, neste m\u00eas, a companhia est\u00e1 reabrindo mais 15 rotas nacionais: Bel\u00e9m-Macap\u00e1, Porto Seguro-Bras\u00edlia, Bras\u00edlia-Foz do Igua\u00e7u, Bras\u00edlia-Navegantes, Bras\u00edlia-Palmas, Bras\u00edlia-Uberl\u00e2ndia, Belo Horizonte\/Confins-Fortaleza, Curitiba-Rio de Janeiro\/Santos Dumont, Fortaleza-Macei\u00f3, Fortaleza-Natal, Fortaleza-Recife, Fortaleza-S\u00e3o Lu\u00eds, Fortaleza-Salvador, Manaus-Porto Velho e S\u00e3o Lu\u00eds-Teresina.<\/p>\n\n\n\n<p>Do Brasil para o exterior, a LATAM retoma neste m\u00eas at\u00e9 32% da sua oferta internacional de assentos (medida em ASK*) em rela\u00e7\u00e3o a novembro de 2019, com voos j\u00e1 restabelecidos para 16 destinos.\u00a0<a href=\"http:\/\/pmta.spgo.io\/f\/a\/-J6Q48QSi4LijHdAS_e8UA~~\/AASuxwE~\/RgRjbYeiP4QgAWh0dHBzOi8vZ2F0ZXdheS5wci5jb211bmlxdWUtc2UuY29tLmJyL2FwaS9DYW1wYWlnbi9BZGRDYW1wYWlnbkVtYWlsQ2xpY2svNTliYWMxMzQtNjg3YS00NWIwLWFmNzctMDhkOTlkNGU2ODQ2L2h0dHBzJTI1M2ElMjUyZiUyNTJmd3d3LmxhdGFtLmNvbSUyNTJmcHRfYnIlMjUyZnNhbGEtZGUtaW1wcmVuc2ElMjUyZmltcHJlbnNhJTI1MmZsYXRhbS1yZXRvbWEtYmFyY2Vsb25hJTI1MmYvN2YyNmY2ZWYtNWY3OC00OTgxLWI3ZTktMDhkOGEwM2JkOGNmL3RyZWNob3NlbWlsaGFzQGdtYWlsLmNvbS9GYWxzZVcEcG10YUIKCYNhU4xhu41SflIYdHJlY2hvc2VtaWxoYXNAZ21haWwuY29tWAQAAAAA\" rel=\"noreferrer noopener nofollow\" target=\"_blank\">Agora no in\u00edcio de novembro, a companhia j\u00e1 retomou as rotas S\u00e3o Paulo\/Guarulhos-Barcelona e Rio de Janeiro\/Gale\u00e3o-Santiago<\/a>, que se somam \u00e0s rotas que j\u00e1 haviam sido retomadas anteriormente de S\u00e3o Paulo\/Guarulhos para Buenos Aires\/Aeroparque, Buenos Aires\/Internacional, Assun\u00e7\u00e3o, Bogot\u00e1, Paris, Frankfurt, Nova Iorque, Lima, Lisboa, Madri, Mendoza, M\u00e9xico, Miami, Montevid\u00e9u e Santiago.<\/p>\n\n\n\n<h3 class=\"has-text-align-center wp-block-heading\">Siga a Tr<strong>echos e Milhas no <a href=\"https:\/\/www.youtube.com\/c\/TrechoseMilhas\" target=\"_blank\" rel=\"noreferrer noopener nofollow\">YouTube<\/a><\/strong><\/h3>\n\n\n\n<p>\u201c<em>Chegaremos ao final do ano prontos para atender a alta temporada de viagens no Brasil. Isso acontece porque estamos muito atentos \u00e0 retomada da demanda. Tamb\u00e9m porque alcan\u00e7amos um n\u00edvel de efici\u00eancia operacional que nos permite voar no Brasil para mais aeroportos do que antes da pandemia. No mercado internacional, a retomada \u00e9 menos acelerada, mas tamb\u00e9m estamos voltando a voar para cada vez mais destinos \u00e0 medida que avan\u00e7a o processo de reabertura dos pa\u00edses<\/em>\u201d, afirma\u00a0<strong>Diogo Elias, diretor de Vendas e Marketing da LATAM Brasil.<\/strong><\/p>\n\n\n\n<div class=\"wp-block-image\"><figure class=\"aligncenter is-resized\"><img decoding=\"async\" src=\"https:\/\/www.falandodeviagem.com.br\/imagens20\/A350LATAM.jpg\" alt=\"Como \u00e9 voar na Classe Econ\u00f4mica do A350 da LATAM Airlines Brasil para a  Europa - Falando de Viagem\" width=\"573\" height=\"319\" title=\"\"><figcaption> Latam retoma no Brasil quase 90% da sua oferta dom\u00e9stica de assentos em novembro e reabre 15 rotas nacionais <\/figcaption><\/figure><\/div>\n\n\n\n<p>Em outubro de 2021 (em compara\u00e7\u00e3o com outubro de 2019), a LATAM registrou no mercado dom\u00e9stico brasileiro uma demanda de passageiros (medida em RPK**) de 83,9% e uma oferta de assentos (medida em ASK*) de 83,5%, resultando em uma taxa de ocupa\u00e7\u00e3o de 85,8%.<\/p>\n\n\n\n<p><strong>Opera\u00e7\u00e3o global do Grupo LATAM<\/strong><\/p>\n\n\n\n<p>Somadas todas as suas filiais, o Grupo LATAM prev\u00ea retomar at\u00e9 62% da sua oferta total de assentos (em ASK*) em novembro de 2021, na compara\u00e7\u00e3o com novembro de 2019 (per\u00edodo antes da pandemia), e espera retomar mais de 65% desta capacidade at\u00e9 dezembro.<\/p>\n\n\n\n<p>Ao todo, o Grupo LATAM deve operar neste m\u00eas quase 1.091 voos di\u00e1rios (dom\u00e9sticos e internacionais) para 125 destinos em 16 pa\u00edses. Na divis\u00e3o de cargas, a companhia programou 1.100 voos em aeronaves cargueiras, com um n\u00edvel m\u00e9dio de utiliza\u00e7\u00e3o 19% maior do que no mesmo m\u00eas de 2019. Todas as proje\u00e7\u00f5es est\u00e3o sujeitas \u00e0 evolu\u00e7\u00e3o da pandemia, bem como \u00e0s restri\u00e7\u00f5es de viagens estabelecidas pelos pa\u00edses.<\/p>\n\n\n\n<p>Em outubro de 2021 (em compara\u00e7\u00e3o com outubro de 2019), o Grupo LATAM registrou uma demanda de passageiros (medida em RPK**) de 55,6% e uma oferta de assentos (medida em ASK*) de 57,5%, resultando em uma taxa de ocupa\u00e7\u00e3o de 79,8% (redu\u00e7\u00e3o de 2,7 pontos percentuais). No transporte de cargas, tamb\u00e9m em compara\u00e7\u00e3o com outubro de 2019, registrou uma ocupa\u00e7\u00e3o de 60,7% (aumento de 6,1 pontos percentuais).<\/p>\n\n\n\n<p><em>*ASK: sigla em ingl\u00eas para Assentos\u2010Quil\u00f4metros Oferecidos<\/em><\/p>\n\n\n\n<p><em>**RPK: sigla para Passageiros-Quil\u00f4metros Transportados<\/em><\/p>\n\n\n\n<p>Veja tamb\u00e9m: <a href=\"https:\/\/trechosemilhas.com.br\/c6-bank-lanca-cartao-c6-platinum\/\" target=\"_blank\" rel=\"noreferrer noopener\">C6 Bank lan\u00e7a C6 Platinum<\/a><\/p>\n","protected":false},"excerpt":{"rendered":"<p>Latam retoma no Brasil quase 90% da sua oferta dom\u00e9stica: Percentual resulta da compara\u00e7\u00e3o com a capacidade (em ASK*) de novembro de 2019 (antes da pandemia de Covid-19), em compara\u00e7\u00e3o com novembro de 2020 Neste m\u00eas de novembro, a LATAM retoma no Brasil quase 90% da sua oferta dom\u00e9stica de assentos (medida em ASK*) em [&hellip;]<\/p>\n","protected":false},"author":1,"featured_media":23774,"comment_status":"open","ping_status":"open","sticky":false,"template":"","format":"standard","meta":{"footnotes":""},"categories":[16],"tags":[31,513,175,1259,44,45],"class_list":{"0":"post-19707","1":"post","2":"type-post","3":"status-publish","4":"format-standard","5":"has-post-thumbnail","7":"category-informacoes","8":"tag-latam","9":"tag-latam-airlines","10":"tag-latam-pass","11":"tag-latam-travel","12":"tag-trechos-e-milhas","13":"tag-trechosemilhas"},"_links":{"self":[{"href":"https:\/\/trechosemilhas.com.br\/wp-json\/wp\/v2\/posts\/19707","targetHints":{"allow":["GET"]}}],"collection":[{"href":"https:\/\/trechosemilhas.com.br\/wp-json\/wp\/v2\/posts"}],"about":[{"href":"https:\/\/trechosemilhas.com.br\/wp-json\/wp\/v2\/types\/post"}],"author":[{"embeddable":true,"href":"https:\/\/trechosemilhas.com.br\/wp-json\/wp\/v2\/users\/1"}],"replies":[{"embeddable":true,"href":"https:\/\/trechosemilhas.com.br\/wp-json\/wp\/v2\/comments?post=19707"}],"version-history":[{"count":0,"href":"https:\/\/trechosemilhas.com.br\/wp-json\/wp\/v2\/posts\/19707\/revisions"}],"wp:featuredmedia":[{"embeddable":true,"href":"https:\/\/trechosemilhas.com.br\/wp-json\/wp\/v2\/media\/23774"}],"wp:attachment":[{"href":"https:\/\/trechosemilhas.com.br\/wp-json\/wp\/v2\/media?parent=19707"}],"wp:term":[{"taxonomy":"category","embeddable":true,"href":"https:\/\/trechosemilhas.com.br\/wp-json\/wp\/v2\/categories?post=19707"},{"taxonomy":"post_tag","embeddable":true,"href":"https:\/\/trechosemilhas.com.br\/wp-json\/wp\/v2\/tags?post=19707"}],"curies":[{"name":"wp","href":"https:\/\/api.w.org\/{rel}","templated":true}]}}