{"id":7294,"date":"2019-10-09T11:01:59","date_gmt":"2019-10-09T14:01:59","guid":{"rendered":"http:\/\/trechosemilhas.com.br\/?p=7294"},"modified":"2019-10-09T11:01:59","modified_gmt":"2019-10-09T14:01:59","slug":"embraer-e-ufes-conduzem-primeiro-teste-de-aeronave-autonoma-no-brasil","status":"publish","type":"post","link":"https:\/\/trechosemilhas.com.br\/2019\/10\/embraer-e-ufes-conduzem-primeiro-teste-de-aeronave-autonoma-no-brasil\/","title":{"rendered":"Embraer e Ufes conduzem primeiro teste de aeronave aut\u00f4noma no Brasil"},"content":{"rendered":"<h1 style=\"text-align: center;\"><strong><span style=\"font-size: 20px;\">Embraer e Ufes conduzem primeiro teste de aeronave aut\u00f4noma no Brasil<\/span><\/strong><\/h1>\n<figure style=\"width: 984px\" class=\"wp-caption aligncenter\"><img fetchpriority=\"high\" decoding=\"async\" src=\"https:\/\/s2.glbimg.com\/WsTq6OKiT69tWbxKf9EdvMEnJqA=\/0x0:907x485\/984x0\/smart\/filters:strip_icc()\/i.s3.glbimg.com\/v1\/AUTH_59edd422c0c84a879bd37670ae4f538a\/internal_photos\/bs\/2019\/E\/T\/ajJWpvQ6WK0I8pJKgWoA\/capturar.jpg\" alt=\"Embraer e Ufes conduzem primeiro teste de aeronave aut\u00f4noma no Brasil\" width=\"984\" height=\"526\" title=\"\"><figcaption class=\"wp-caption-text\">Embraer e Ufes conduzem primeiro teste de aeronave aut\u00f4noma no Brasil<\/figcaption><\/figure>\n<p>&nbsp;<\/p>\n<p>&nbsp;<\/p>\n<p><span style=\"font-size: 20px; font-family: Merriweather;\">Uma coopera\u00e7\u00e3o cient\u00edfica e tecnol\u00f3gica entre a Embraer e a Universidade Federal do Esp\u00edrito Santo (Ufes), nas \u00e1reas de rob\u00f3tica aut\u00f4noma e intelig\u00eancia artificial, resultou no primeiro teste de uma aeronave aut\u00f4noma no Brasil.<\/span><\/p>\n<p>&nbsp;<\/p>\n<p><span style=\"font-size: 20px; font-family: Merriweather;\"> A iniciativa bem-sucedida possibilitou que um prot\u00f3tipo realizasse sozinho a opera\u00e7\u00e3o de taxiamento, movimentando-se em solo por um trajeto previamente estabelecido e sem interfer\u00eancia humana.<\/span><\/p>\n<p>&nbsp;<\/p>\n<p>&nbsp;<\/p>\n<p><span style=\"font-size: 20px; font-family: Merriweather;\"><strong>Assista ao v\u00eddeo do teste:<\/strong> https:\/\/vimeo.com\/364414355\/f1e2fdde7d<\/span><\/p>\n<p>&nbsp;<\/p>\n<p>&nbsp;<\/p>\n<p><strong><span style=\"font-size: 20px; font-family: Merriweather;\">Quer receber as promo\u00e7\u00f5es do Trechos e Milhas no seu <a href=\"https:\/\/watzap.co\/trechoszap\" rel=\"nofollow noopener\" target=\"_blank\">Whatsapp<\/a>? Clique aqui e se cadastre! \u00c9 gr\u00e1tis!<\/span><\/strong><\/p>\n<p>&nbsp;<\/p>\n<p>&nbsp;<\/p>\n<p><span style=\"font-size: 20px; font-family: Merriweather;\">O conjunto de navega\u00e7\u00e3o por sensores e imagem conduziu a aeronave demonstradora da tecnologia de sistemas aut\u00f4nomos pela pista de decolagem, \u00e1rea de t\u00e1xi e p\u00e1tio de forma totalmente independente, sem auxilio externo.<\/span><\/p>\n<p>&nbsp;<\/p>\n<p><span style=\"font-size: 20px; font-family: Merriweather;\"> Um piloto acompanhou a opera\u00e7\u00e3o da cabine de comando, caso houvesse alguma intercorr\u00eancia. O teste ocorreu na \u00faltima semana de agosto, na Unidade da Embraer em Gavi\u00e3o Peixoto, interior de S\u00e3o Paulo.<\/span><\/p>\n<p>&nbsp;<\/p>\n<p><span style=\"font-size: 20px; font-family: Merriweather;\">Nos \u00faltimos seis meses, pesquisadores da Embraer e da Ufes trabalharam juntos em modelos matem\u00e1ticos e computacionais de automa\u00e7\u00e3o, desenvolvimento de softwares, hardwares, kit de sensores a laser, GPS e c\u00e2meras, bem como na integra\u00e7\u00e3o dos sistemas na plataforma aeron\u00e1utica.<\/span><\/p>\n<p>&nbsp;<\/p>\n<p><span style=\"font-size: 20px; font-family: Merriweather;\"> O sistema aut\u00f4nomo de navega\u00e7\u00e3o terrestre foi testado em um simulador durante avalia\u00e7\u00f5es preliminares, antes da opera\u00e7\u00e3o real.<\/span><\/p>\n<p>&nbsp;<\/p>\n<p><span style=\"font-size: 20px; font-family: Merriweather;\">\u201cNossa estrat\u00e9gia de desenvolvimento tecnol\u00f3gico em sistemas aut\u00f4nomos busca posicionar o Pa\u00eds na vanguarda dos processos de intelig\u00eancia artificial em diversas aplica\u00e7\u00f5es,\u201d disse Daniel Moczydlower, vice-presidente executivo de Engenharia e Tecnologia, da Embraer. \u201cAlcan\u00e7ar esse marco tecnol\u00f3gico no m\u00eas de celebra\u00e7\u00e3o dos 50 anos da Embraer, demonstra n\u00e3o somente a import\u00e2ncia da aproxima\u00e7\u00e3o da ind\u00fastria com a universidade, mas tamb\u00e9m como nossas pessoas est\u00e3o preparadas e engajadas para a jornada de excel\u00eancia necess\u00e1ria para as pr\u00f3ximas d\u00e9cadas.\u201d<\/span><\/p>\n<p>&nbsp;<\/p>\n<p><span style=\"font-size: 20px; font-family: Merriweather;\">O sistema integrado de intelig\u00eancia artificial monitorou as condi\u00e7\u00f5es externas e internas da aeronave, atuando de forma independente nos comandos de acelera\u00e7\u00e3o, dire\u00e7\u00e3o e frenagem, e executou com precis\u00e3o a movimenta\u00e7\u00e3o pelo trajeto indicado.<\/span><\/p>\n<p>&nbsp;<\/p>\n<p><span style=\"font-size: 20px; font-family: Merriweather;\"> A plataforma aeron\u00e1utica do teste \u2013 a mesma utilizada para o desenvolvimento dos modernos jatos executivos Legacy 500 e Praetor 600 \u2013, integrou funcionalidades do sistema IARA (Intelligent Autonomous Robotic Automobile), resultado de uma pesquisa na \u00e1rea de carros aut\u00f4nomos que teve in\u00edcio em 2009, no Laborat\u00f3rio de Computa\u00e7\u00e3o de Alto Desempenho (LCAD) da Ufes.<\/span><\/p>\n<p>&nbsp;<\/p>\n<p><span style=\"font-size: 20px; font-family: Merriweather;\">\u201cEste sucesso demonstra a excel\u00eancia do que vimos desenvolvendo na Ufes nestes \u00faltimos 10 anos nas \u00e1reas de ve\u00edculos aut\u00f4nomos e intelig\u00eancia artificial. Ele nos coloca mais uma vez na vanguarda cient\u00edfica nestas \u00e1reas no n\u00edvel mundial. Fazer tudo isso em parceria com a Embraer nos enche de orgulho e satisfa\u00e7\u00e3o, afirmou o professor Alberto Ferreira de Souza, coordenador do projeto.\u201d<\/span><\/p>\n<p>&nbsp;<\/p>\n<p>&nbsp;<\/p>\n<p><strong><span style=\"font-size: 20px; font-family: Merriweather;\">Parceria<\/span><\/strong><\/p>\n<p>&nbsp;<\/p>\n<p>&nbsp;<\/p>\n<p><span style=\"font-size: 20px; font-family: Merriweather;\">A parceria com a Ufes, no \u00e2mbito de pesquisa e desenvolvimento pr\u00e9-competitivo, busca acelerar o conhecimento das tecnologias de sistemas aut\u00f4nomos, por meio da implementa\u00e7\u00e3o de processos mais \u00e1geis de experimenta\u00e7\u00e3o.<\/span><\/p>\n<p>&nbsp;<\/p>\n<p><span style=\"font-size: 20px; font-family: Merriweather;\">A proposta de desenvolvimento cient\u00edfico de sistemas aeron\u00e1uticos aut\u00f4nomos, utilizando uma plataforma demonstradora de tecnologia, constitui um instrumento de pesquisa pr\u00e9-competitiva eficaz e eficiente para aprendizado, capacita\u00e7\u00e3o e matura\u00e7\u00e3o das tecnologias antes da aplica\u00e7\u00e3o em produtos futuros ou desenvolvimento de novos segmentos de mercado.<\/span><\/p>\n<p>&nbsp;<\/p>\n<p><span style=\"font-size: 20px; font-family: Merriweather;\">Iniciativas como esta, combinadas com pol\u00edticas de incentivo de longo prazo, podem potencializar, por exemplo, a capacidade do Brasil de viabilizar uma nova era da mobilidade a\u00e9rea mais acess\u00edvel \u00e0 popula\u00e7\u00e3o.<\/span><\/p>\n<p>&nbsp;<\/p>\n<p><span style=\"font-size: 20px; font-family: Merriweather;\">A Embraer aposta no modelo de inova\u00e7\u00e3o aberta e mant\u00e9m colabora\u00e7\u00e3o com dezenas de universidades e centros de pesquisa no Brasil e no exterior.<\/span><\/p>\n<p>&nbsp;<\/p>\n<p><span style=\"font-size: 20px; font-family: Merriweather;\"> Entre os destaques est\u00e3o as parcerias de longo prazo com institui\u00e7\u00f5es como a Financiadora de Estudos e Projetos (Finep), as Funda\u00e7\u00f5es de Amparo \u00e0 Pesquisa dos estados de Santa Catarina, S\u00e3o Paulo e Minas Gerais (Fapesc, Fapesp e Fapemig, respectivamente) e a Empresa Brasileira de Pesquisa e Inova\u00e7\u00e3o Industrial (Embrapii), que s\u00e3o fundamentais para diminuir a dist\u00e2ncia entre a comunidade cient\u00edfica e as necessidades da ind\u00fastria.<\/span><\/p>\n<p>&nbsp;<\/p>\n<p><span style=\"font-size: 20px; font-family: Merriweather;\">Ao estabelecer parcerias estrat\u00e9gicas por meio de mecanismos mais \u00e1geis de coopera\u00e7\u00e3o, a Embraer estimula redes de conhecimento que permitem um significativo aumento de competitividade do Pa\u00eds e a constru\u00e7\u00e3o de um futuro sustent\u00e1vel.<\/span><\/p>\n<p>&nbsp;<\/p>\n<p>&nbsp;<\/p>\n<p><span style=\"font-size: 20px; font-family: Merriweather;\">Veja tamb\u00e9m: <a href=\"https:\/\/trechosemilhas.com.br\/2019\/08\/15\/passaporte-confira-passo-a-passo-de-como-tirar-o-seu\/\">passo a passo<\/a> de como tirar o seu passaporte.<\/span><\/p>\n","protected":false},"excerpt":{"rendered":"<p>Embraer e Ufes conduzem primeiro teste de aeronave aut\u00f4noma no Brasil &nbsp; &nbsp; Uma coopera\u00e7\u00e3o cient\u00edfica e tecnol\u00f3gica entre a Embraer e a Universidade Federal do Esp\u00edrito Santo (Ufes), nas \u00e1reas de rob\u00f3tica aut\u00f4noma e intelig\u00eancia artificial, resultou no primeiro teste de uma aeronave aut\u00f4noma no Brasil. &nbsp; A iniciativa bem-sucedida possibilitou que um prot\u00f3tipo [&hellip;]<\/p>\n","protected":false},"author":1,"featured_media":23774,"comment_status":"open","ping_status":"open","sticky":false,"template":"","format":"standard","meta":{"footnotes":""},"categories":[16],"tags":[17,22,25,88,33,36,37,38,39,40,41,42,44,45,46,47,48],"class_list":{"0":"post-7294","1":"post","2":"type-post","3":"status-publish","4":"format-standard","5":"has-post-thumbnail","7":"category-informacoes","8":"tag-aviao","9":"tag-conta","10":"tag-dinheiro","11":"tag-embraer","12":"tag-milhas","13":"tag-pacote","14":"tag-passagem","15":"tag-passagem-barata","16":"tag-promo","17":"tag-promocao","18":"tag-promocao-milhas","19":"tag-roteiro","20":"tag-trechos-e-milhas","21":"tag-trechosemilhas","22":"tag-viagem","23":"tag-voar","24":"tag-voos"},"_links":{"self":[{"href":"https:\/\/trechosemilhas.com.br\/wp-json\/wp\/v2\/posts\/7294","targetHints":{"allow":["GET"]}}],"collection":[{"href":"https:\/\/trechosemilhas.com.br\/wp-json\/wp\/v2\/posts"}],"about":[{"href":"https:\/\/trechosemilhas.com.br\/wp-json\/wp\/v2\/types\/post"}],"author":[{"embeddable":true,"href":"https:\/\/trechosemilhas.com.br\/wp-json\/wp\/v2\/users\/1"}],"replies":[{"embeddable":true,"href":"https:\/\/trechosemilhas.com.br\/wp-json\/wp\/v2\/comments?post=7294"}],"version-history":[{"count":0,"href":"https:\/\/trechosemilhas.com.br\/wp-json\/wp\/v2\/posts\/7294\/revisions"}],"wp:featuredmedia":[{"embeddable":true,"href":"https:\/\/trechosemilhas.com.br\/wp-json\/wp\/v2\/media\/23774"}],"wp:attachment":[{"href":"https:\/\/trechosemilhas.com.br\/wp-json\/wp\/v2\/media?parent=7294"}],"wp:term":[{"taxonomy":"category","embeddable":true,"href":"https:\/\/trechosemilhas.com.br\/wp-json\/wp\/v2\/categories?post=7294"},{"taxonomy":"post_tag","embeddable":true,"href":"https:\/\/trechosemilhas.com.br\/wp-json\/wp\/v2\/tags?post=7294"}],"curies":[{"name":"wp","href":"https:\/\/api.w.org\/{rel}","templated":true}]}}