{"id":9088,"date":"2019-11-22T11:34:59","date_gmt":"2019-11-22T14:34:59","guid":{"rendered":"https:\/\/trechosemilhas.com.br\/?p=9088"},"modified":"2019-11-22T11:34:59","modified_gmt":"2019-11-22T14:34:59","slug":"alta-temporada-de-verao-da-azul-tera-cerca-de-40-mil-voos","status":"publish","type":"post","link":"https:\/\/trechosemilhas.com.br\/index.php\/2019\/11\/22\/alta-temporada-de-verao-da-azul-tera-cerca-de-40-mil-voos\/","title":{"rendered":"Alta temporada de ver\u00e3o da Azul ter\u00e1 cerca de 40 mil voos"},"content":{"rendered":"<p>&nbsp;<\/p>\n<p><img fetchpriority=\"high\" decoding=\"async\" class=\"size-full wp-image-5336 aligncenter\" src=\"https:\/\/trechosemilhas.com.br\/wp-content\/uploads\/2019\/08\/azul.jpg\" alt=\"\" width=\"980\" height=\"540\" title=\"\"><\/p>\n<p><strong>Alta temporada de ver\u00e3o da Azul ter\u00e1 cerca de 40 mil voos<\/strong><\/p>\n<p>A Azul come\u00e7a em 20 de dezembro a sua maior alta temporada desde a funda\u00e7\u00e3o da empresa. At\u00e9 2 de fevereiro, ser\u00e3o cerca de 40 mil voos ligando os destinos operados pela maior companhia a\u00e9rea brasileira em n\u00fameros de decolagens e cidades atendidas.<\/p>\n<p>O dia de maior movimento ser\u00e1 logo na data de estreia da alta temporada de 2019, em que a Azul ter\u00e1 quase mil decolagens.<\/p>\n<p>\u201cGra\u00e7as ao crescimento da Azul e ao ver\u00e3o, que estimula as pessoas a voarem mais para descansar, viagens tur\u00edsticas passam a ser mais procuradas por quem j\u00e1 trabalhou o ano todo e agora procura um momento de f\u00e9rias com a fam\u00edlia ou amigos. \u00c9 pensando tamb\u00e9m nesses Clientes que criamos rotas in\u00e9ditas. Nesta alta temporada, nossa malha sazonal cresce quase 25% em n\u00famero de assentos, comparando com janeiro deste ano com o mesmo per\u00edodo de 2020\u201d, afirma Abhi Shah, vice-presidente de Receitas.<\/p>\n<p>&nbsp;<\/p>\n<p style=\"text-align: center;\"><strong>Quer receber conte\u00fado gratuito do Trechos e Milhas sobre viagens e milhas a\u00e9reas? Acesse nosso canal <a href=\"http:\/\/t.me\/trechosnews\" rel=\"nofollow\">Telegram<\/a>!<\/strong><\/p>\n<p>&nbsp;<\/p>\n<p>Os maiores destaques internacionais na malha da alta temporada deste ano s\u00e3o as liga\u00e7\u00f5es diretas entre Florian\u00f3polis e Montevid\u00e9u, no Uruguai; Cabo Frio e Buenos Aires, na Argentina; Belo Horizonte e Fort Lauderdale, nos Estados Unidos, Campinas e Punta del Este e Porto Alegre e Punta del Este.<\/p>\n<p>J\u00e1 os mercados dom\u00e9sticos que t\u00eam grande expectativa por alta demanda s\u00e3o: Guarulhos-Ilh\u00e9us, Rio de Janeiro-Porto Seguro, Rio de Janeiro-Ilh\u00e9us e Rio de Janeiro-Florian\u00f3polis , todos mercado in\u00e9ditos na malha da Azul.<\/p>\n<p>\u201cNo ano passado, testamos a receptividade de nossos Clientes com algumas rotas in\u00e9ditas durante o ver\u00e3o e a resposta foi muito boa. Por isso, nesta alta temporada, voltamos a trazer mercados tur\u00edsticos in\u00e9ditos na nossa malha\u201d, diz Shah.<\/p>\n<p>Al\u00e9m de incrementar sua malha em cidades com grande fluxo tur\u00edstico, como no litoral sul da Bahia, Florian\u00f3polis e Foz do Igua\u00e7u, a Azul tamb\u00e9m fortalecer\u00e1 seus centros de distribui\u00e7\u00e3o em Campinas, Belo Horizonte e Recife com novos voos e colocar\u00e1 em Guarulhos assentos adicionais para Ilh\u00e9us, Jericoacoara e Porto Seguro e outros destinos tur\u00edsticos.<\/p>\n<p>&nbsp;<\/p>\n<p>Veja tamb\u00e9m: <a href=\"https:\/\/trechosemilhas.com.br\/2019\/10\/28\/15-dicas-sobre-o-que-fazer-antes-de-viajar-2\/\">15 dicas sobre o que fazer antes de viajar.<\/a><\/p>\n","protected":false},"excerpt":{"rendered":"<p>&nbsp; Alta temporada de ver\u00e3o da Azul ter\u00e1 cerca de 40 mil voos A Azul come\u00e7a em 20 de dezembro a sua maior alta temporada desde a funda\u00e7\u00e3o da empresa. At\u00e9 2 de fevereiro, ser\u00e3o cerca de 40 mil voos ligando os destinos operados pela maior companhia a\u00e9rea brasileira em n\u00fameros de decolagens e cidades [&hellip;]<\/p>\n","protected":false},"author":1,"featured_media":0,"comment_status":"open","ping_status":"open","sticky":false,"template":"","format":"standard","meta":{"footnotes":""},"categories":[115],"tags":[17,107,22,25,33,36,37,38,39,40,41,42,44,45,46,47,48],"class_list":{"0":"post-9088","1":"post","2":"type-post","3":"status-publish","4":"format-standard","6":"category-noticias","7":"tag-aviao","8":"tag-azul","9":"tag-conta","10":"tag-dinheiro","11":"tag-milhas","12":"tag-pacote","13":"tag-passagem","14":"tag-passagem-barata","15":"tag-promo","16":"tag-promocao","17":"tag-promocao-milhas","18":"tag-roteiro","19":"tag-trechos-e-milhas","20":"tag-trechosemilhas","21":"tag-viagem","22":"tag-voar","23":"tag-voos"},"_links":{"self":[{"href":"https:\/\/trechosemilhas.com.br\/index.php\/wp-json\/wp\/v2\/posts\/9088","targetHints":{"allow":["GET"]}}],"collection":[{"href":"https:\/\/trechosemilhas.com.br\/index.php\/wp-json\/wp\/v2\/posts"}],"about":[{"href":"https:\/\/trechosemilhas.com.br\/index.php\/wp-json\/wp\/v2\/types\/post"}],"author":[{"embeddable":true,"href":"https:\/\/trechosemilhas.com.br\/index.php\/wp-json\/wp\/v2\/users\/1"}],"replies":[{"embeddable":true,"href":"https:\/\/trechosemilhas.com.br\/index.php\/wp-json\/wp\/v2\/comments?post=9088"}],"version-history":[{"count":0,"href":"https:\/\/trechosemilhas.com.br\/index.php\/wp-json\/wp\/v2\/posts\/9088\/revisions"}],"wp:attachment":[{"href":"https:\/\/trechosemilhas.com.br\/index.php\/wp-json\/wp\/v2\/media?parent=9088"}],"wp:term":[{"taxonomy":"category","embeddable":true,"href":"https:\/\/trechosemilhas.com.br\/index.php\/wp-json\/wp\/v2\/categories?post=9088"},{"taxonomy":"post_tag","embeddable":true,"href":"https:\/\/trechosemilhas.com.br\/index.php\/wp-json\/wp\/v2\/tags?post=9088"}],"curies":[{"name":"wp","href":"https:\/\/api.w.org\/{rel}","templated":true}]}}