{"id":9770,"date":"2019-12-13T13:04:30","date_gmt":"2019-12-13T16:04:30","guid":{"rendered":"https:\/\/trechosemilhas.com.br\/?p=9770"},"modified":"2019-12-13T13:04:30","modified_gmt":"2019-12-13T16:04:30","slug":"chapada-dos-veadeiros-e-opcao-para-quem-busca-paz-e-renovacao-no-fim-do-ano","status":"publish","type":"post","link":"https:\/\/trechosemilhas.com.br\/2019\/12\/chapada-dos-veadeiros-e-opcao-para-quem-busca-paz-e-renovacao-no-fim-do-ano\/","title":{"rendered":"Chapada dos Veadeiros \u00e9 op\u00e7\u00e3o para quem busca paz e renova\u00e7\u00e3o no fim do ano"},"content":{"rendered":"<p><img fetchpriority=\"high\" decoding=\"async\" class=\"aligncenter wp-image-9771 size-full\" src=\"https:\/\/trechosemilhas.com.br\/wp-content\/uploads\/2019\/12\/chapada-dos-veadeiros.jpg\" alt=\"\" width=\"980\" height=\"540\" title=\"\">Um ref\u00fagio natural no meio do Brasil. A frase \u00e9 uma op\u00e7\u00e3o na hora de descrever a regi\u00e3o da Chapada dos Veadeiros, a 230km de Bras\u00edlia (DF). Com um pouco de cada bioma brasileiro, o local se apresenta como uma alternativa atraente para os roteiros de fim de ano. Cachoeiras paradis\u00edacas, paisagens e visuais estonteantes, aventuras radicais, como rapel e tirolesa, trilhas deslumbrantes e atmosfera m\u00edstica s\u00e3o algumas das atra\u00e7\u00f5es da cidade.<\/p>\n<p style=\"text-align: center;\"><strong>Quer receber conte\u00fado gratuito do Trechos e Milhas sobre viagens e milhas a\u00e9reas? Acesse nosso canal <a href=\"http:\/\/t.me\/trechosnews\" rel=\"nofollow\">Telegram<\/a>!<\/strong><\/p>\n<p>&nbsp;<\/p>\n<figure style=\"width: 445px\" class=\"wp-caption aligncenter\"><img decoding=\"async\" src=\"https:\/\/i-mpr.com\/newsystem\/data\/assets\/11643\/3655\/bbe\/bbe13ee60627c36b8846e348aa7cc532.jpeg\" alt=\"O roteiro na Chapada dos Veadeiros inclui desde passeios mais calmos at\u00e9 os mais radicais\" width=\"445\" height=\"542\" title=\"\"><figcaption class=\"wp-caption-text\">O roteiro na Chapada dos Veadeiros inclui desde passeios mais calmos at\u00e9 os mais radicais<\/figcaption><\/figure>\n<p>&nbsp;<\/p>\n<p>Trata-se do destino ideal para quem estiver disposto a renovar as energias e come\u00e7ar o novo ano com o p\u00e9 direito, j\u00e1 que a regi\u00e3o est\u00e1 situada sobre uma grande placa de cristal de quartzo. Um de seus principais pontos \u00e9 o Parque Nacional da Chapada dos Veadeiros, cuja a entrada fica na vila de S\u00e3o Jorge, no munic\u00edpio de Alto Para\u00edso, e conta com c\u00e2nions, rios de \u00e1gua cristalina e bel\u00edssimas veredas pintadas por fauna esplendorosa.<\/p>\n<figure style=\"width: 1405px\" class=\"wp-caption aligncenter\"><img decoding=\"async\" src=\"https:\/\/i-mpr.com\/newsystem\/data\/assets\/11643\/3655\/7ec\/7ecee29530439fae103252848929dd89.jpeg\" alt=\"Chapada dos Veadeiros oferece belas paisagens naturais\" width=\"1405\" height=\"937\" title=\"\"><figcaption class=\"wp-caption-text\">Chapada dos Veadeiros oferece belas paisagens naturais<\/figcaption><\/figure>\n<p>Os encantos da regi\u00e3o s\u00e3o tantos que sua fama ultrapassou as fronteiras e atrai turistas de todo o globo. A expectativa \u00e9 de os visitantes de fim de ano movimentem o turismo e, consequentemente, aque\u00e7am a economia da regi\u00e3o. Neste cen\u00e1rio, as ruas, j\u00e1 forradas de pousadas e lojas de artesanato, recebem ainda mais alternativas gastron\u00f4micas de encher os olhos e aventuras para curtir sozinho, a dois, em fam\u00edlia ou grupo de amigos.<\/p>\n<p><strong>Recanto de luxo<\/strong><\/p>\n<p>Agora imagine s\u00f3 um espa\u00e7o localizado na Chapada dos Veadeiros que te permitisse aproveitar tudo que h\u00e1 de especial na regi\u00e3o sem precisar sair do lugar? A pousada-boutique In\u00e1cia prop\u00f5e exatamente isso. Para o rev\u00e9illon , h\u00e1 pacotes especiais que variam de tr\u00eas a cinco noites para que os clientes possam viver a experi\u00eancia completa.<\/p>\n<p>Como toda boa viagem tem que contar com uma experi\u00eancia gastron\u00f4mica instigante, a pousada concede um caf\u00e9 da manh\u00e3 impec\u00e1vel, que inclui variedades de p\u00e3es, bolos, frios, tapiocas, sucos naturais, frutas. Para o jantar de Rev\u00e9illon, o chef Marcelo Riella, que assumiu a cozinha do restaurante L&#8217;Alcofa, preparou um card\u00e1pio de seis etapas. Os clientes poder\u00e3o provar iguarias feitas pela m\u00e3o de Riella.<\/p>\n<p>Para completar os dias relaxantes na Chapada dos Veadeiros, a In\u00e1cia oferece tamb\u00e9m uma massagem relaxante ou uma massagem dos cristais para o casal. Al\u00e9m dos mimos oferecidos nos pacotes de r\u00e9veillon, o local possui tamb\u00e9m diversos atrativos e uma localiza\u00e7\u00e3o privilegiada a poucos quil\u00f4metros da cidade Alto Para\u00edso.<\/p>\n<figure style=\"width: 1405px\" class=\"wp-caption aligncenter\"><img loading=\"lazy\" decoding=\"async\" src=\"https:\/\/i-mpr.com\/newsystem\/data\/assets\/11643\/3655\/c0c\/c0c5f752b672be8f77b846addae4f0c0.jpeg\" alt=\"Pousada In\u00e1cia \u00e9 sin\u00f4nimo de paz e luz\" width=\"1405\" height=\"937\" title=\"\"><figcaption class=\"wp-caption-text\">Pousada In\u00e1cia \u00e9 sin\u00f4nimo de paz e luz<\/figcaption><\/figure>\n<p>Com uma vis\u00e3o panor\u00e2mica do Morro da Baleia que pode ser apreciada das su\u00edtes de luxo, a hospedagem possui tamb\u00e9m uma piscina aquecida a luz solar, hidromassagem e sauna. A visita \u00e0 Galeria de Artes Gabriela tamb\u00e9m faz parte do roteiro de quem visita a pousada. O acervo re\u00fane obras de diferentes artistas nacionais e internacionais e pode ser visitada pelo p\u00fablico da regi\u00e3o.<\/p>\n<p>Para fechar com chave de ouro, os banhos de cachoeira tamb\u00e9m est\u00e3o no roteiro de quem passar a virada na Chapada. Os h\u00f3spedes da pousada podem aproveitar as trilhas de acesso ao riacho, com pontos relaxantes de banho, e a trilha que leva \u00e0 cachoeira Alm\u00e9cegas, considerada uma das melhores da regi\u00e3o.<\/p>\n<p>&nbsp;<\/p>\n<p>Veja tamb\u00e9m: <a href=\"https:\/\/trechosemilhas.com.br\/2019\/10\/28\/15-dicas-sobre-o-que-fazer-antes-de-viajar-2\/\">15 dicas sobre o que fazer antes de viajar.<\/a><\/p>\n","protected":false},"excerpt":{"rendered":"<p>Um ref\u00fagio natural no meio do Brasil. A frase \u00e9 uma op\u00e7\u00e3o na hora de descrever a regi\u00e3o da Chapada dos Veadeiros, a 230km de Bras\u00edlia (DF). Com um pouco de cada bioma brasileiro, o local se apresenta como uma alternativa atraente para os roteiros de fim de ano. Cachoeiras paradis\u00edacas, paisagens e visuais estonteantes, [&hellip;]<\/p>\n","protected":false},"author":1,"featured_media":23774,"comment_status":"open","ping_status":"open","sticky":false,"template":"","format":"standard","meta":{"footnotes":""},"categories":[16],"tags":[17,22,25,33,37,38,40,41,42,44,45,46,47,48],"class_list":{"0":"post-9770","1":"post","2":"type-post","3":"status-publish","4":"format-standard","5":"has-post-thumbnail","7":"category-informacoes","8":"tag-aviao","9":"tag-conta","10":"tag-dinheiro","11":"tag-milhas","12":"tag-passagem","13":"tag-passagem-barata","14":"tag-promocao","15":"tag-promocao-milhas","16":"tag-roteiro","17":"tag-trechos-e-milhas","18":"tag-trechosemilhas","19":"tag-viagem","20":"tag-voar","21":"tag-voos"},"_links":{"self":[{"href":"https:\/\/trechosemilhas.com.br\/wp-json\/wp\/v2\/posts\/9770","targetHints":{"allow":["GET"]}}],"collection":[{"href":"https:\/\/trechosemilhas.com.br\/wp-json\/wp\/v2\/posts"}],"about":[{"href":"https:\/\/trechosemilhas.com.br\/wp-json\/wp\/v2\/types\/post"}],"author":[{"embeddable":true,"href":"https:\/\/trechosemilhas.com.br\/wp-json\/wp\/v2\/users\/1"}],"replies":[{"embeddable":true,"href":"https:\/\/trechosemilhas.com.br\/wp-json\/wp\/v2\/comments?post=9770"}],"version-history":[{"count":0,"href":"https:\/\/trechosemilhas.com.br\/wp-json\/wp\/v2\/posts\/9770\/revisions"}],"wp:featuredmedia":[{"embeddable":true,"href":"https:\/\/trechosemilhas.com.br\/wp-json\/wp\/v2\/media\/23774"}],"wp:attachment":[{"href":"https:\/\/trechosemilhas.com.br\/wp-json\/wp\/v2\/media?parent=9770"}],"wp:term":[{"taxonomy":"category","embeddable":true,"href":"https:\/\/trechosemilhas.com.br\/wp-json\/wp\/v2\/categories?post=9770"},{"taxonomy":"post_tag","embeddable":true,"href":"https:\/\/trechosemilhas.com.br\/wp-json\/wp\/v2\/tags?post=9770"}],"curies":[{"name":"wp","href":"https:\/\/api.w.org\/{rel}","templated":true}]}}